{"id":116,"date":"2023-08-30T06:58:30","date_gmt":"2023-08-30T09:58:30","guid":{"rendered":"https:\/\/tuttaeuropa.com\/wp\/pt\/?p=116"},"modified":"2023-08-30T06:58:31","modified_gmt":"2023-08-30T09:58:31","slug":"polonia-paises-baixos-holanda-e-espanha-em-corrida-eleitoral","status":"publish","type":"post","link":"https:\/\/tuttaeuropa.com\/wp\/pt\/index.php\/2023\/08\/30\/polonia-paises-baixos-holanda-e-espanha-em-corrida-eleitoral\/","title":{"rendered":"V\u00e1rios pa\u00edses em corrida eleitoral"},"content":{"rendered":"\n<p>Este ano est\u00e1 sendo marcado por um movimento mais conservador e pelo colapso de alguns cen\u00e1rios que se mantinham na Espanha, e Pa\u00edses Baixos.<\/p>\n\n\n\n<h2 class=\"wp-block-heading\">Pol\u00f4nia<\/h2>\n\n\n\n<p>Na Pol\u00f4nia, haver\u00e3o elei\u00e7\u00f5es legislativas no pr\u00f3ximo 15 de Outubro. E o partido nacionalista de direita Lei e Justi\u00e7a, PiS, marca  na lideran\u00e7a. Mas a Plataforma C\u00edvica, na oposi\u00e7\u00e3o, liderada pelo antigo primeiro-ministro e presidente do Conselho Europeu, Donald Tusk, tem melhorados em pesquisas recentes. O que na pr\u00e1tica, n\u00e3o muda muita coisa para quem v\u00ea de fora. Ambas as frentes s\u00e3o conservadoras, um em mais grau que outro, mas com certeza pol\u00edticas como a de imigra\u00e7\u00e3o e sobre o apoio \u00e0 Ucr\u00e2nia guardam forte semelhan\u00e7a entre os concorrentes.<\/p>\n\n\n\n<p>Dos casos de elei\u00e7\u00f5es, a Pol\u00f4nia \u00e9 o mais est\u00e1vel, n\u00e3o tendo conflitos internos pol\u00edticos severos como nos demais.<\/p>\n\n\n\n<h2 class=\"wp-block-heading\">Pa\u00edses Baixos<\/h2>\n\n\n\n<p>Nos Pa\u00edses Baixos, comumente chamado apenas de Holanda, o pleito ser\u00e1 em 22 de Novembro. Foi justamente antecipado por uma crise que colapsou o governo, sendo o principal motivo a crise migrat\u00f3ria, e severidade de leis ESG que inclu\u00edram fortes protestos de produtores agr\u00edcolas locais.<\/p>\n\n\n\n<h2 class=\"wp-block-heading\">Espanha<\/h2>\n\n\n\n<p>A Espanha parece ser o caso mais cr\u00edtico. Ap\u00f3s uma virada forte para a direita em elei\u00e7\u00f5es de administra\u00e7\u00f5es regionais em Julho, o governo se viu obrigado a dissolver o parlamento e convocar novas elei\u00e7\u00f5es legislativas, mas ainda \u00e9 cedo para indicar tend\u00eancias.<\/p>\n\n\n\n<h2 class=\"wp-block-heading\">Eslov\u00e1quia e Luxenburgo<\/h2>\n\n\n\n<p>Tamb\u00e9m haver\u00e3o elei\u00e7\u00f5es legislativas, na\u00a0Eslov\u00e1quia, em 30 de Setembro, e Luxemburgo em 8 de Outubro. Mas estes pa\u00edses apresentam cen\u00e1rios mais est\u00e1veis.<\/p>\n","protected":false},"excerpt":{"rendered":"<p>Este ano est\u00e1 sendo marcado por um movimento mais conservador e pelo colapso de alguns cen\u00e1rios que se mantinham na Espanha, e Pa\u00edses Baixos. Pol\u00f4nia<\/p>\n","protected":false},"author":2,"featured_media":118,"comment_status":"open","ping_status":"open","sticky":false,"template":"","format":"standard","meta":{"om_disable_all_campaigns":false,"_uf_show_specific_survey":0,"_uf_disable_surveys":false,"footnotes":""},"categories":[26,30],"tags":[32,28,31],"class_list":["post-116","post","type-post","status-publish","format-standard","has-post-thumbnail","hentry","category-noticias-gerais","category-politica","tag-eleicoes","tag-noticias","tag-politica"],"aioseo_notices":[],"_links":{"self":[{"href":"https:\/\/tuttaeuropa.com\/wp\/pt\/index.php\/wp-json\/wp\/v2\/posts\/116","targetHints":{"allow":["GET"]}}],"collection":[{"href":"https:\/\/tuttaeuropa.com\/wp\/pt\/index.php\/wp-json\/wp\/v2\/posts"}],"about":[{"href":"https:\/\/tuttaeuropa.com\/wp\/pt\/index.php\/wp-json\/wp\/v2\/types\/post"}],"author":[{"embeddable":true,"href":"https:\/\/tuttaeuropa.com\/wp\/pt\/index.php\/wp-json\/wp\/v2\/users\/2"}],"replies":[{"embeddable":true,"href":"https:\/\/tuttaeuropa.com\/wp\/pt\/index.php\/wp-json\/wp\/v2\/comments?post=116"}],"version-history":[{"count":2,"href":"https:\/\/tuttaeuropa.com\/wp\/pt\/index.php\/wp-json\/wp\/v2\/posts\/116\/revisions"}],"predecessor-version":[{"id":119,"href":"https:\/\/tuttaeuropa.com\/wp\/pt\/index.php\/wp-json\/wp\/v2\/posts\/116\/revisions\/119"}],"wp:featuredmedia":[{"embeddable":true,"href":"https:\/\/tuttaeuropa.com\/wp\/pt\/index.php\/wp-json\/wp\/v2\/media\/118"}],"wp:attachment":[{"href":"https:\/\/tuttaeuropa.com\/wp\/pt\/index.php\/wp-json\/wp\/v2\/media?parent=116"}],"wp:term":[{"taxonomy":"category","embeddable":true,"href":"https:\/\/tuttaeuropa.com\/wp\/pt\/index.php\/wp-json\/wp\/v2\/categories?post=116"},{"taxonomy":"post_tag","embeddable":true,"href":"https:\/\/tuttaeuropa.com\/wp\/pt\/index.php\/wp-json\/wp\/v2\/tags?post=116"}],"curies":[{"name":"wp","href":"https:\/\/api.w.org\/{rel}","templated":true}]}}